{"id":3876,"date":"2018-02-28T18:47:07","date_gmt":"2018-02-28T17:47:07","guid":{"rendered":"http:\/\/bloghosting.jurmatix.de\/klartext-jura\/?p=3876"},"modified":"2018-03-09T10:55:41","modified_gmt":"2018-03-09T09:55:41","slug":"das-bundesverfassungsgericht-zum-ministeriellen-gegenschlag-politisch-eine-katastrophe","status":"publish","type":"post","link":"http:\/\/bloghosting.jurmatix.de\/klartext-jura\/2018\/02\/28\/das-bundesverfassungsgericht-zum-ministeriellen-gegenschlag-politisch-eine-katastrophe\/","title":{"rendered":"Das Bundesverfassungsgericht zum ministeriellen &#8222;Gegenschlag&#8220;: Politisch eine Katastrophe?"},"content":{"rendered":"<p><a href=\"http:\/\/bloghosting.jurmatix.de\/klartext-jura\/files\/2018\/02\/Regenschirm.jpg\"><img loading=\"lazy\" decoding=\"async\" class=\"alignleft wp-image-3880\" src=\"http:\/\/bloghosting.jurmatix.de\/klartext-jura\/files\/2018\/02\/Regenschirm-225x300.jpg\" alt=\"\" width=\"165\" height=\"220\" srcset=\"http:\/\/bloghosting.jurmatix.de\/klartext-jura\/files\/2018\/02\/Regenschirm-225x300.jpg 225w, http:\/\/bloghosting.jurmatix.de\/klartext-jura\/files\/2018\/02\/Regenschirm.jpg 720w\" sizes=\"auto, (max-width: 165px) 100vw, 165px\" \/><\/a>Erfreulicherweise hat Marco B. mich in der Kategorie &#8222;<a href=\"http:\/\/bloghosting.jurmatix.de\/klartext-jura\/vorschlaege\/\">Vorschl\u00e4ge<\/a>&#8220; auf ein interessantes Thema hingewiesen, n\u00e4mlich den Kommentar von&nbsp;Rainer Burchardt im <a href=\"http:\/\/www.deutschlandfunk.de\/urteil-zum-neutralitaetsgebot-politisch-eine-katastrophe.720.de.html?dram:article_id=411825\">Deutschlandfunk<\/a> zur aktuellen Entscheidung des Bundesverfassungsgerichts betreffend das Neutralit\u00e4tsgebot bei Minister\u00e4u\u00dferungen zu politischen Parteien.<\/p>\n<p>Der Kommentator titelt &#8222;Politisch eine Katastrophe&#8220; und folgert:<\/p>\n<blockquote><p>Das Ministergesetz, das Minister zur Neutralit\u00e4t verpflichte, bed\u00fcrfe einer schleunigen Revision.<\/p><\/blockquote>\n<p>Au\u00dferdem stellt Burchardt fest:<\/p>\n<blockquote><p>Artikel f\u00fcnf des Grundgesetzes als Garant der Meinungsfreiheit gilt doch wohl auch f\u00fcr Regierungsmitglieder.<\/p><\/blockquote>\n<p>\u00dcberzeugend?<\/p>\n<p><!--more--><\/p>\n<p>Konsultiert man die Entscheidung des Bundesverfassungsgerichts (Urt. v. 27.02.2018, <a href=\"http:\/\/www.bundesverfassungsgericht.de\/SharedDocs\/Entscheidungen\/DE\/2018\/02\/es20180227_2bve000116.html\">2 BvE 1\/16<\/a>), so wird deutlich, dass darin vom Ministergesetz nicht die Rede ist, und das aus gutem Grund. Das Bundesverfassungsgericht argumentiert n\u00e4mlich nicht mit diesem Gesetz. Es befasst sich vielmehr mit der aus Art. 21 Abs. 1 S. 1 GG folgenden Neutralit\u00e4tsverpflichtung des Staates gegen\u00fcber politischen Parteien:<\/p>\n<blockquote><p>Die Antragsgegnerin hat durch die Verbreitung ihrer Presseerkl\u00e4rung auf der Homepage des von ihr gef\u00fchrten Ministeriums den Grundsatz der Neutralit\u00e4t staatlicher Organe im politischen Wettbewerb missachtet und dadurch das Recht der Antragstellerin aus Art. 21 Abs. 1 Satz 1 GG verletzt. Die Presseerkl\u00e4rung beinhaltet sowohl einseitig negative Bewertungen der Antragstellerin als auch den Versuch, das Verhalten potentieller Teilnehmer an der f\u00fcr den 7. November 2015 geplanten Demonstration zu beeinflussen.<\/p><\/blockquote>\n<p>Der zweite Gedanke, Art. 5 Abs. 1 GG m\u00fcsse als Garant der Meinungsfreiheit wohl auch f\u00fcr Regierungsmitglieder gelten (s.o.) ist gleichfalls nicht aufrecht zu erhalten. Die Grundrechte sind Abwehrrechte des B\u00fcrgers gegen\u00fcber dem Staat. Ein Minister kann sich als Hoheitstr\u00e4ger grunds\u00e4tzlich nicht auf Grundrechte berufen. Man bezeichnet dies als &#8222;Konfusionsargument&#8220;. Dazu das Bundesverfassungsgericht (Beschl. v. 02.05.1967, 1 BvR 578\/63, BVerfGE 21, 362, 369 f.):<\/p>\n<blockquote><p>Wenn die Grundrechte das Verh\u00e4ltnis des Einzelnen zur \u00f6ffentlichen Gewalt betreffen, so ist es damit unvereinbar, den Staat selbst zum Teilhaber oder Nutznie\u00dfer der Grundrechte zu machen; er kann nicht gleichzeitig Adressat und Berechtigter der Grundrechte sein.<\/p><\/blockquote>\n<p>\u00dcbrigens: Die beiden angesprochenen Fragestellungen tauchen h\u00e4ufig in Examensklausuren auf.<\/p>\n<p>P.S. Im Kommentar ist noch zu lesen:<\/p>\n<blockquote><p>Schon l\u00e4ngst wird auch in der deutschen Politik mehr geklotzt als geklettert, die Regierung muss sich mit allen Mitteln des Rechtsstaats gegen unfl\u00e4tige Attacken von wem auch immer wehren k\u00f6nnen.<\/p><\/blockquote>\n<p>&#8222;Mehr geklotzt als geklettert&#8220;? Vorschlag stattdessen: Mehr geklotzt als gekleckert.<\/p>\n","protected":false},"excerpt":{"rendered":"<p>Erfreulicherweise hat Marco B. mich in der Kategorie &#8222;Vorschl\u00e4ge&#8220; auf ein interessantes Thema hingewiesen, n\u00e4mlich den Kommentar von Rainer Burchardt im Deutschlandfunk zur aktuellen Entscheidung des Bundesverfassungsgerichts betreffend das Neutralit\u00e4tsgebot bei Minister\u00e4u\u00dferungen zu politischen Parteien. Der Kommentar titelt &#8222;Politisch eine Katastrophe&#8220; und folgert:<\/p>\n","protected":false},"author":10,"featured_media":0,"comment_status":"open","ping_status":"open","sticky":false,"template":"","format":"standard","meta":{"ngg_post_thumbnail":0,"footnotes":""},"categories":[8],"tags":[],"class_list":["post-3876","post","type-post","status-publish","format-standard","hentry","category-oeffentliches-recht"],"yoast_head":"<!-- This site is optimized with the Yoast SEO plugin v27.4 - https:\/\/yoast.com\/product\/yoast-seo-wordpress\/ -->\n<title>Das Bundesverfassungsgericht zum ministeriellen &quot;Gegenschlag&quot;: Politisch eine Katastrophe? - klartext-jura.de<\/title>\n<meta name=\"robots\" content=\"index, follow, max-snippet:-1, max-image-preview:large, max-video-preview:-1\" \/>\n<link rel=\"canonical\" href=\"http:\/\/bloghosting.jurmatix.de\/klartext-jura\/2018\/02\/28\/das-bundesverfassungsgericht-zum-ministeriellen-gegenschlag-politisch-eine-katastrophe\/\" \/>\n<meta property=\"og:locale\" content=\"de_DE\" \/>\n<meta property=\"og:type\" content=\"article\" \/>\n<meta property=\"og:title\" content=\"Das Bundesverfassungsgericht zum ministeriellen &quot;Gegenschlag&quot;: Politisch eine Katastrophe? - klartext-jura.de\" \/>\n<meta property=\"og:description\" content=\"Erfreulicherweise hat Marco B. mich in der Kategorie &quot;Vorschl\u00e4ge&quot; auf ein interessantes Thema hingewiesen, n\u00e4mlich den Kommentar von Rainer Burchardt im Deutschlandfunk zur aktuellen Entscheidung des Bundesverfassungsgerichts betreffend das Neutralit\u00e4tsgebot bei Minister\u00e4u\u00dferungen zu politischen Parteien. Der Kommentar titelt &quot;Politisch eine Katastrophe&quot; und folgert:\" \/>\n<meta property=\"og:url\" content=\"http:\/\/bloghosting.jurmatix.de\/klartext-jura\/2018\/02\/28\/das-bundesverfassungsgericht-zum-ministeriellen-gegenschlag-politisch-eine-katastrophe\/\" \/>\n<meta property=\"og:site_name\" content=\"klartext-jura.de\" \/>\n<meta property=\"article:published_time\" content=\"2018-02-28T17:47:07+00:00\" \/>\n<meta property=\"article:modified_time\" content=\"2018-03-09T09:55:41+00:00\" \/>\n<meta property=\"og:image\" content=\"http:\/\/bloghosting.jurmatix.de\/klartext-jura\/files\/2018\/02\/Regenschirm-225x300.jpg\" \/>\n<meta name=\"author\" content=\"klartext-jura\" \/>\n<meta name=\"twitter:card\" content=\"summary_large_image\" \/>\n<meta name=\"twitter:label1\" content=\"Verfasst von\" \/>\n\t<meta name=\"twitter:data1\" content=\"klartext-jura\" \/>\n\t<meta name=\"twitter:label2\" content=\"Gesch\u00e4tzte Lesezeit\" \/>\n\t<meta name=\"twitter:data2\" content=\"2\u00a0Minuten\" \/>\n<script type=\"application\/ld+json\" class=\"yoast-schema-graph\">{\"@context\":\"https:\\\/\\\/schema.org\",\"@graph\":[{\"@type\":\"Article\",\"@id\":\"http:\\\/\\\/bloghosting.jurmatix.de\\\/klartext-jura\\\/2018\\\/02\\\/28\\\/das-bundesverfassungsgericht-zum-ministeriellen-gegenschlag-politisch-eine-katastrophe\\\/#article\",\"isPartOf\":{\"@id\":\"http:\\\/\\\/bloghosting.jurmatix.de\\\/klartext-jura\\\/2018\\\/02\\\/28\\\/das-bundesverfassungsgericht-zum-ministeriellen-gegenschlag-politisch-eine-katastrophe\\\/\"},\"author\":{\"name\":\"klartext-jura\",\"@id\":\"https:\\\/\\\/bloghosting.jurmatix.de\\\/klartext-jura\\\/#\\\/schema\\\/person\\\/0fd09e4f4c8ef46bd6ff122c9bbe60c3\"},\"headline\":\"Das Bundesverfassungsgericht zum ministeriellen &#8222;Gegenschlag&#8220;: Politisch eine Katastrophe?\",\"datePublished\":\"2018-02-28T17:47:07+00:00\",\"dateModified\":\"2018-03-09T09:55:41+00:00\",\"mainEntityOfPage\":{\"@id\":\"http:\\\/\\\/bloghosting.jurmatix.de\\\/klartext-jura\\\/2018\\\/02\\\/28\\\/das-bundesverfassungsgericht-zum-ministeriellen-gegenschlag-politisch-eine-katastrophe\\\/\"},\"wordCount\":379,\"commentCount\":2,\"image\":{\"@id\":\"http:\\\/\\\/bloghosting.jurmatix.de\\\/klartext-jura\\\/2018\\\/02\\\/28\\\/das-bundesverfassungsgericht-zum-ministeriellen-gegenschlag-politisch-eine-katastrophe\\\/#primaryimage\"},\"thumbnailUrl\":\"http:\\\/\\\/bloghosting.jurmatix.de\\\/klartext-jura\\\/files\\\/2018\\\/02\\\/Regenschirm-225x300.jpg\",\"articleSection\":[\"\u00d6ffentliches Recht\"],\"inLanguage\":\"de\",\"potentialAction\":[{\"@type\":\"CommentAction\",\"name\":\"Comment\",\"target\":[\"http:\\\/\\\/bloghosting.jurmatix.de\\\/klartext-jura\\\/2018\\\/02\\\/28\\\/das-bundesverfassungsgericht-zum-ministeriellen-gegenschlag-politisch-eine-katastrophe\\\/#respond\"]}]},{\"@type\":\"WebPage\",\"@id\":\"http:\\\/\\\/bloghosting.jurmatix.de\\\/klartext-jura\\\/2018\\\/02\\\/28\\\/das-bundesverfassungsgericht-zum-ministeriellen-gegenschlag-politisch-eine-katastrophe\\\/\",\"url\":\"http:\\\/\\\/bloghosting.jurmatix.de\\\/klartext-jura\\\/2018\\\/02\\\/28\\\/das-bundesverfassungsgericht-zum-ministeriellen-gegenschlag-politisch-eine-katastrophe\\\/\",\"name\":\"Das Bundesverfassungsgericht zum ministeriellen \\\"Gegenschlag\\\": Politisch eine Katastrophe? - klartext-jura.de\",\"isPartOf\":{\"@id\":\"https:\\\/\\\/bloghosting.jurmatix.de\\\/klartext-jura\\\/#website\"},\"primaryImageOfPage\":{\"@id\":\"http:\\\/\\\/bloghosting.jurmatix.de\\\/klartext-jura\\\/2018\\\/02\\\/28\\\/das-bundesverfassungsgericht-zum-ministeriellen-gegenschlag-politisch-eine-katastrophe\\\/#primaryimage\"},\"image\":{\"@id\":\"http:\\\/\\\/bloghosting.jurmatix.de\\\/klartext-jura\\\/2018\\\/02\\\/28\\\/das-bundesverfassungsgericht-zum-ministeriellen-gegenschlag-politisch-eine-katastrophe\\\/#primaryimage\"},\"thumbnailUrl\":\"http:\\\/\\\/bloghosting.jurmatix.de\\\/klartext-jura\\\/files\\\/2018\\\/02\\\/Regenschirm-225x300.jpg\",\"datePublished\":\"2018-02-28T17:47:07+00:00\",\"dateModified\":\"2018-03-09T09:55:41+00:00\",\"author\":{\"@id\":\"https:\\\/\\\/bloghosting.jurmatix.de\\\/klartext-jura\\\/#\\\/schema\\\/person\\\/0fd09e4f4c8ef46bd6ff122c9bbe60c3\"},\"breadcrumb\":{\"@id\":\"http:\\\/\\\/bloghosting.jurmatix.de\\\/klartext-jura\\\/2018\\\/02\\\/28\\\/das-bundesverfassungsgericht-zum-ministeriellen-gegenschlag-politisch-eine-katastrophe\\\/#breadcrumb\"},\"inLanguage\":\"de\",\"potentialAction\":[{\"@type\":\"ReadAction\",\"target\":[\"http:\\\/\\\/bloghosting.jurmatix.de\\\/klartext-jura\\\/2018\\\/02\\\/28\\\/das-bundesverfassungsgericht-zum-ministeriellen-gegenschlag-politisch-eine-katastrophe\\\/\"]}]},{\"@type\":\"ImageObject\",\"inLanguage\":\"de\",\"@id\":\"http:\\\/\\\/bloghosting.jurmatix.de\\\/klartext-jura\\\/2018\\\/02\\\/28\\\/das-bundesverfassungsgericht-zum-ministeriellen-gegenschlag-politisch-eine-katastrophe\\\/#primaryimage\",\"url\":\"http:\\\/\\\/bloghosting.jurmatix.de\\\/klartext-jura\\\/files\\\/2018\\\/02\\\/Regenschirm-225x300.jpg\",\"contentUrl\":\"http:\\\/\\\/bloghosting.jurmatix.de\\\/klartext-jura\\\/files\\\/2018\\\/02\\\/Regenschirm-225x300.jpg\"},{\"@type\":\"BreadcrumbList\",\"@id\":\"http:\\\/\\\/bloghosting.jurmatix.de\\\/klartext-jura\\\/2018\\\/02\\\/28\\\/das-bundesverfassungsgericht-zum-ministeriellen-gegenschlag-politisch-eine-katastrophe\\\/#breadcrumb\",\"itemListElement\":[{\"@type\":\"ListItem\",\"position\":1,\"name\":\"Startseite\",\"item\":\"https:\\\/\\\/bloghosting.jurmatix.de\\\/klartext-jura\\\/\"},{\"@type\":\"ListItem\",\"position\":2,\"name\":\"Das Bundesverfassungsgericht zum ministeriellen &#8222;Gegenschlag&#8220;: Politisch eine Katastrophe?\"}]},{\"@type\":\"WebSite\",\"@id\":\"https:\\\/\\\/bloghosting.jurmatix.de\\\/klartext-jura\\\/#website\",\"url\":\"https:\\\/\\\/bloghosting.jurmatix.de\\\/klartext-jura\\\/\",\"name\":\"klartext-jura.de\",\"description\":\"Gezwitscher von Marie Herberger\",\"potentialAction\":[{\"@type\":\"SearchAction\",\"target\":{\"@type\":\"EntryPoint\",\"urlTemplate\":\"https:\\\/\\\/bloghosting.jurmatix.de\\\/klartext-jura\\\/?s={search_term_string}\"},\"query-input\":{\"@type\":\"PropertyValueSpecification\",\"valueRequired\":true,\"valueName\":\"search_term_string\"}}],\"inLanguage\":\"de\"},{\"@type\":\"Person\",\"@id\":\"https:\\\/\\\/bloghosting.jurmatix.de\\\/klartext-jura\\\/#\\\/schema\\\/person\\\/0fd09e4f4c8ef46bd6ff122c9bbe60c3\",\"name\":\"klartext-jura\",\"url\":\"http:\\\/\\\/bloghosting.jurmatix.de\\\/klartext-jura\\\/author\\\/klartext-jura\\\/\"}]}<\/script>\n<!-- \/ Yoast SEO plugin. -->","yoast_head_json":{"title":"Das Bundesverfassungsgericht zum ministeriellen \"Gegenschlag\": Politisch eine Katastrophe? - klartext-jura.de","robots":{"index":"index","follow":"follow","max-snippet":"max-snippet:-1","max-image-preview":"max-image-preview:large","max-video-preview":"max-video-preview:-1"},"canonical":"http:\/\/bloghosting.jurmatix.de\/klartext-jura\/2018\/02\/28\/das-bundesverfassungsgericht-zum-ministeriellen-gegenschlag-politisch-eine-katastrophe\/","og_locale":"de_DE","og_type":"article","og_title":"Das Bundesverfassungsgericht zum ministeriellen \"Gegenschlag\": Politisch eine Katastrophe? - klartext-jura.de","og_description":"Erfreulicherweise hat Marco B. mich in der Kategorie \"Vorschl\u00e4ge\" auf ein interessantes Thema hingewiesen, n\u00e4mlich den Kommentar von Rainer Burchardt im Deutschlandfunk zur aktuellen Entscheidung des Bundesverfassungsgerichts betreffend das Neutralit\u00e4tsgebot bei Minister\u00e4u\u00dferungen zu politischen Parteien. Der Kommentar titelt \"Politisch eine Katastrophe\" und folgert:","og_url":"http:\/\/bloghosting.jurmatix.de\/klartext-jura\/2018\/02\/28\/das-bundesverfassungsgericht-zum-ministeriellen-gegenschlag-politisch-eine-katastrophe\/","og_site_name":"klartext-jura.de","article_published_time":"2018-02-28T17:47:07+00:00","article_modified_time":"2018-03-09T09:55:41+00:00","og_image":[{"url":"http:\/\/bloghosting.jurmatix.de\/klartext-jura\/files\/2018\/02\/Regenschirm-225x300.jpg","type":"","width":"","height":""}],"author":"klartext-jura","twitter_card":"summary_large_image","twitter_misc":{"Verfasst von":"klartext-jura","Gesch\u00e4tzte Lesezeit":"2\u00a0Minuten"},"schema":{"@context":"https:\/\/schema.org","@graph":[{"@type":"Article","@id":"http:\/\/bloghosting.jurmatix.de\/klartext-jura\/2018\/02\/28\/das-bundesverfassungsgericht-zum-ministeriellen-gegenschlag-politisch-eine-katastrophe\/#article","isPartOf":{"@id":"http:\/\/bloghosting.jurmatix.de\/klartext-jura\/2018\/02\/28\/das-bundesverfassungsgericht-zum-ministeriellen-gegenschlag-politisch-eine-katastrophe\/"},"author":{"name":"klartext-jura","@id":"https:\/\/bloghosting.jurmatix.de\/klartext-jura\/#\/schema\/person\/0fd09e4f4c8ef46bd6ff122c9bbe60c3"},"headline":"Das Bundesverfassungsgericht zum ministeriellen &#8222;Gegenschlag&#8220;: Politisch eine Katastrophe?","datePublished":"2018-02-28T17:47:07+00:00","dateModified":"2018-03-09T09:55:41+00:00","mainEntityOfPage":{"@id":"http:\/\/bloghosting.jurmatix.de\/klartext-jura\/2018\/02\/28\/das-bundesverfassungsgericht-zum-ministeriellen-gegenschlag-politisch-eine-katastrophe\/"},"wordCount":379,"commentCount":2,"image":{"@id":"http:\/\/bloghosting.jurmatix.de\/klartext-jura\/2018\/02\/28\/das-bundesverfassungsgericht-zum-ministeriellen-gegenschlag-politisch-eine-katastrophe\/#primaryimage"},"thumbnailUrl":"http:\/\/bloghosting.jurmatix.de\/klartext-jura\/files\/2018\/02\/Regenschirm-225x300.jpg","articleSection":["\u00d6ffentliches Recht"],"inLanguage":"de","potentialAction":[{"@type":"CommentAction","name":"Comment","target":["http:\/\/bloghosting.jurmatix.de\/klartext-jura\/2018\/02\/28\/das-bundesverfassungsgericht-zum-ministeriellen-gegenschlag-politisch-eine-katastrophe\/#respond"]}]},{"@type":"WebPage","@id":"http:\/\/bloghosting.jurmatix.de\/klartext-jura\/2018\/02\/28\/das-bundesverfassungsgericht-zum-ministeriellen-gegenschlag-politisch-eine-katastrophe\/","url":"http:\/\/bloghosting.jurmatix.de\/klartext-jura\/2018\/02\/28\/das-bundesverfassungsgericht-zum-ministeriellen-gegenschlag-politisch-eine-katastrophe\/","name":"Das Bundesverfassungsgericht zum ministeriellen \"Gegenschlag\": Politisch eine Katastrophe? - klartext-jura.de","isPartOf":{"@id":"https:\/\/bloghosting.jurmatix.de\/klartext-jura\/#website"},"primaryImageOfPage":{"@id":"http:\/\/bloghosting.jurmatix.de\/klartext-jura\/2018\/02\/28\/das-bundesverfassungsgericht-zum-ministeriellen-gegenschlag-politisch-eine-katastrophe\/#primaryimage"},"image":{"@id":"http:\/\/bloghosting.jurmatix.de\/klartext-jura\/2018\/02\/28\/das-bundesverfassungsgericht-zum-ministeriellen-gegenschlag-politisch-eine-katastrophe\/#primaryimage"},"thumbnailUrl":"http:\/\/bloghosting.jurmatix.de\/klartext-jura\/files\/2018\/02\/Regenschirm-225x300.jpg","datePublished":"2018-02-28T17:47:07+00:00","dateModified":"2018-03-09T09:55:41+00:00","author":{"@id":"https:\/\/bloghosting.jurmatix.de\/klartext-jura\/#\/schema\/person\/0fd09e4f4c8ef46bd6ff122c9bbe60c3"},"breadcrumb":{"@id":"http:\/\/bloghosting.jurmatix.de\/klartext-jura\/2018\/02\/28\/das-bundesverfassungsgericht-zum-ministeriellen-gegenschlag-politisch-eine-katastrophe\/#breadcrumb"},"inLanguage":"de","potentialAction":[{"@type":"ReadAction","target":["http:\/\/bloghosting.jurmatix.de\/klartext-jura\/2018\/02\/28\/das-bundesverfassungsgericht-zum-ministeriellen-gegenschlag-politisch-eine-katastrophe\/"]}]},{"@type":"ImageObject","inLanguage":"de","@id":"http:\/\/bloghosting.jurmatix.de\/klartext-jura\/2018\/02\/28\/das-bundesverfassungsgericht-zum-ministeriellen-gegenschlag-politisch-eine-katastrophe\/#primaryimage","url":"http:\/\/bloghosting.jurmatix.de\/klartext-jura\/files\/2018\/02\/Regenschirm-225x300.jpg","contentUrl":"http:\/\/bloghosting.jurmatix.de\/klartext-jura\/files\/2018\/02\/Regenschirm-225x300.jpg"},{"@type":"BreadcrumbList","@id":"http:\/\/bloghosting.jurmatix.de\/klartext-jura\/2018\/02\/28\/das-bundesverfassungsgericht-zum-ministeriellen-gegenschlag-politisch-eine-katastrophe\/#breadcrumb","itemListElement":[{"@type":"ListItem","position":1,"name":"Startseite","item":"https:\/\/bloghosting.jurmatix.de\/klartext-jura\/"},{"@type":"ListItem","position":2,"name":"Das Bundesverfassungsgericht zum ministeriellen &#8222;Gegenschlag&#8220;: Politisch eine Katastrophe?"}]},{"@type":"WebSite","@id":"https:\/\/bloghosting.jurmatix.de\/klartext-jura\/#website","url":"https:\/\/bloghosting.jurmatix.de\/klartext-jura\/","name":"klartext-jura.de","description":"Gezwitscher von Marie Herberger","potentialAction":[{"@type":"SearchAction","target":{"@type":"EntryPoint","urlTemplate":"https:\/\/bloghosting.jurmatix.de\/klartext-jura\/?s={search_term_string}"},"query-input":{"@type":"PropertyValueSpecification","valueRequired":true,"valueName":"search_term_string"}}],"inLanguage":"de"},{"@type":"Person","@id":"https:\/\/bloghosting.jurmatix.de\/klartext-jura\/#\/schema\/person\/0fd09e4f4c8ef46bd6ff122c9bbe60c3","name":"klartext-jura","url":"http:\/\/bloghosting.jurmatix.de\/klartext-jura\/author\/klartext-jura\/"}]}},"_links":{"self":[{"href":"http:\/\/bloghosting.jurmatix.de\/klartext-jura\/wp-json\/wp\/v2\/posts\/3876","targetHints":{"allow":["GET"]}}],"collection":[{"href":"http:\/\/bloghosting.jurmatix.de\/klartext-jura\/wp-json\/wp\/v2\/posts"}],"about":[{"href":"http:\/\/bloghosting.jurmatix.de\/klartext-jura\/wp-json\/wp\/v2\/types\/post"}],"author":[{"embeddable":true,"href":"http:\/\/bloghosting.jurmatix.de\/klartext-jura\/wp-json\/wp\/v2\/users\/10"}],"replies":[{"embeddable":true,"href":"http:\/\/bloghosting.jurmatix.de\/klartext-jura\/wp-json\/wp\/v2\/comments?post=3876"}],"version-history":[{"count":6,"href":"http:\/\/bloghosting.jurmatix.de\/klartext-jura\/wp-json\/wp\/v2\/posts\/3876\/revisions"}],"predecessor-version":[{"id":3908,"href":"http:\/\/bloghosting.jurmatix.de\/klartext-jura\/wp-json\/wp\/v2\/posts\/3876\/revisions\/3908"}],"wp:attachment":[{"href":"http:\/\/bloghosting.jurmatix.de\/klartext-jura\/wp-json\/wp\/v2\/media?parent=3876"}],"wp:term":[{"taxonomy":"category","embeddable":true,"href":"http:\/\/bloghosting.jurmatix.de\/klartext-jura\/wp-json\/wp\/v2\/categories?post=3876"},{"taxonomy":"post_tag","embeddable":true,"href":"http:\/\/bloghosting.jurmatix.de\/klartext-jura\/wp-json\/wp\/v2\/tags?post=3876"}],"curies":[{"name":"wp","href":"https:\/\/api.w.org\/{rel}","templated":true}]}}