{"id":136,"date":"2014-11-09T15:00:47","date_gmt":"2014-11-09T13:00:47","guid":{"rendered":"http:\/\/bloghosting.jurmatix.de\/klartext-jura\/?p=136"},"modified":"2015-05-01T00:18:57","modified_gmt":"2015-04-30T22:18:57","slug":"verhaltensstoerer-undoder-zustandsstoerer","status":"publish","type":"post","link":"https:\/\/bloghosting.jurmatix.de\/klartext-jura\/2014\/11\/09\/verhaltensstoerer-undoder-zustandsstoerer\/","title":{"rendered":"Verhaltensst\u00f6rer und\/oder Zustandsst\u00f6rer?"},"content":{"rendered":"<p>In der R\u00dc 9\/2014 bespricht Gr\u00fcnder (S. 597ff) eine Fallkonstellation, in der ein Bus an einem Taxenstand geparkt wurde und daraufhin abgeschleppt werden sollte. Der Beitrag beruht auf\u00a0BVerwG, Urt. v. 09.04.2014 \u2013\u00a0<a title=\"3 C 5.13\" href=\"http:\/\/www.bverwg.de\/entscheidungen\/entscheidung.php?ent=090414U3C5.13.0\" target=\"_blank\">3 C 5.13<\/a>.<\/p>\n<p>Auf Seite 602 hei\u00dft es:<\/p>\n<blockquote><p>Die Kostenpflicht des K ist Folge seiner Zustandsverantwortlichkeit.<\/p><\/blockquote>\n<p>Um festzustellen, ob K tauglicher Adressat eines Kostenbescheides ist, muss untersucht werden, in welchem Verh\u00e4ltnis K zu dem Bus stand. Dazu ein Blick in den Sachverhalt:<\/p>\n<blockquote><p>Am 02.07., einem Samstag, um 19.30 Uhr stellte X, ein f\u00fcr die \u00dcberwachung des ruhenden Verkehrs zust\u00e4ndiger Mitarbeiter der Stadt F, fest, dass ein Reisebus des K auf einem mit dem Zeichen 229 zu \u00a7 41 StVO ausgeschilderten Taxenstand in der belebten Stadtmitte von F abgestellt war. Der Fahrer war weder im Fahrzeug noch in dessen Umgebung anzutreffen. Ein Versuch des X, den K \u00fcber die am Reisebus angebrachte Mobilfunknummer zu erreichen, blieb erfolglos, weil das Handy ausgeschaltet war.<\/p><\/blockquote>\n<p>Es geht also um den &#8222;Reisebus des K&#8220;. Nur, was ist damit gemeint? Ist K Eigent\u00fcmer des Busses? Ist er Halter? Vielleicht kommt es darauf aber auch gar nicht zwingend an.<\/p>\n<p><!--more--><\/p>\n<p>Wir erhalten im Sachverhalt n\u00e4mlich\u00a0noch weitere Informationen zu der Funktion des K:<\/p>\n<blockquote><p>Gegen 19:40 Uhr erschien K am Bus und fuhr in wenig sp\u00e4ter fort.<\/p><\/blockquote>\n<p>Fest steht damit, dass K Fahrer des Busses ist.<\/p>\n<p>Jetzt ein Blick in&#8217;s Gesetz, in meinem Fall das saarl\u00e4ndische Polizeigesetz (SPolG).<\/p>\n<p>(Zu den entsprechenden Paragraphen in anderen Bundesl\u00e4ndern gibt&#8217;s eine sch\u00f6ne \u00dcbersicht in <a title=\"Saarheim-SPolG-Parallelnormen\" href=\"http:\/\/www.saarheim.de\/Gesetze\/spolg.htm\" target=\"_blank\">Saarheim<\/a>.)<\/p>\n<p>Zun\u00e4chst zum Verhaltensst\u00f6rer, auch Handlungsst\u00f6rer genannt, \u00a7 4 I SPolG:<\/p>\n<blockquote><p>Verantwortlichkeit f\u00fcr das Verhalten von Personen<\/p>\n<p>(1) Verursacht eine Person eine Gefahr, so sind die Ma\u00dfnahmen gegen sie zu richten.<\/p><\/blockquote>\n<p>Dann zum Zustandsst\u00f6rer, \u00a7 5 SPolG:<\/p>\n<blockquote><p>Verantwortlichkeit f\u00fcr Tiere und den Zustand von Sachen<\/p>\n<p>(1) Geht von einem Tier oder einer Sache eine Gefahr aus, so sind die Ma\u00dfnahmen gegen die Inhaberin oder den Inhaber der tats\u00e4chlichen Gewalt zu richten.<br \/>\nDie f\u00fcr Sachen geltenden Bestimmungen dieses Gesetzes sind auf Tiere entsprechend anzuwenden.<\/p>\n<p>(2) Ma\u00dfnahmen k\u00f6nnen auch gegen die Eigent\u00fcmerin oder den Eigent\u00fcmer oder eine andere Berechtigte oder einen anderen Berechtigten gerichtet werden.<br \/>\nDas gilt nicht, wenn die Inhaberin oder der Inhaber der tats\u00e4chlichen Gewalt diese ohne den Willen der Eigent\u00fcmerin oder des Eigent\u00fcmers oder der Berechtigten oder des Berechtigten aus\u00fcbt.<\/p><\/blockquote>\n<p>Prim\u00e4r scheint K also Verhaltensst\u00f6rer zu sein, denn er hat die Gefahr verursacht, indem er den Bus an dem Taxenstand geparkt hat. Vieles spricht daf\u00fcr, dass er auch Zustandsst\u00f6rer ist, denn er hat die tats\u00e4chliche Gewalt \u00fcber den Bus. Jedoch ist er zumindest nicht nur Zustandsst\u00f6rer, obwohl Gr\u00fcnder diesen Eindruck vermittelt.<\/p>\n<p>Zu meiner These, dass ein Falschparker zumindest auch Verhaltensst\u00f6rer ist, noch Belege aus der Literatur:<\/p>\n<p>&#8211; Fischer, JuS 2002, 446 (448):<\/p>\n<blockquote><p>Zur Beantwortung der Frage, wer als Kostenschuldner in Betracht kommt, verweist \u00a7 5a II MEPolG (\u00a7 8 II BadW\u00fcrttPolG) auf die \u00a7\u00a7 4, 5 MEPolG (\u00a7\u00a7 6, 7 BadW\u00fcrttPolG). Hiernach sind die Kosten der unmittelbaren Ausf\u00fchrung entweder vom Verhaltensst\u00f6rer (beim Falschparken der Fahrzeugf\u00fchrer) oder vom Zustandsst\u00f6rer (der Fahrzeughalter bzw. -eigent\u00fcmer) zu tragen.<\/p><\/blockquote>\n<p>&#8211; Weber, JA 2007, 627 (635)<\/p>\n<blockquote><p>Der Antragsteller wird als Halter des Fahrzeugs f\u00fcr die Abschleppkosten in Anspruch genommen, Zustandsst\u00f6rer nach \u00a7 5 SPolG. Aber auch gegen\u00fcber einem Fahrer des Fahrzeugs als Handlungsst\u00f6rer nach \u00a7 4 SPolG &#8230;<\/p><\/blockquote>\n<p>Der Fahrer eines Fahrzeugs ist also auf jeden Fall Verhaltens- bzw Handlungsst\u00f6rer. Zus\u00e4tzlich kann er auch Zustandsst\u00f6rer sein. Jedoch sollte man in einer Klausur systematisch arbeiten und zun\u00e4chst die Verhaltensst\u00f6rereigenschaft pr\u00fcfen, die im Gesetz vor der Zustandsst\u00f6rereigenschaft normiert ist. Danach sollte man der Vollst\u00e4ndigkeit halber und weil es wertungsm\u00e4\u00dfig entscheidend sein kann (Doppelst\u00f6rer) auch noch die Zustandsst\u00f6rereigenschaft untersuchen.<\/p>\n","protected":false},"excerpt":{"rendered":"<p>In der R\u00dc 9\/2014 bespricht Gr\u00fcnder (S. 597ff) eine Fallkonstellation, in der ein Bus an einem Taxenstand geparkt wurde und daraufhin abgeschleppt werden sollte. Der Beitrag beruht auf\u00a0BVerwG, Urt.<\/p>\n","protected":false},"author":10,"featured_media":0,"comment_status":"open","ping_status":"open","sticky":false,"template":"","format":"standard","meta":{"ngg_post_thumbnail":0,"footnotes":""},"categories":[8],"tags":[],"class_list":["post-136","post","type-post","status-publish","format-standard","hentry","category-oeffentliches-recht"],"yoast_head":"<!-- This site is optimized with the Yoast SEO plugin v27.4 - https:\/\/yoast.com\/product\/yoast-seo-wordpress\/ -->\n<title>Verhaltensst\u00f6rer und\/oder Zustandsst\u00f6rer? - klartext-jura.de<\/title>\n<meta name=\"robots\" content=\"index, follow, max-snippet:-1, max-image-preview:large, max-video-preview:-1\" \/>\n<link rel=\"canonical\" href=\"http:\/\/www.klartext-jura.de\/2014\/11\/09\/verhaltensstoerer-undoder-zustandsstoerer\/\" \/>\n<meta property=\"og:locale\" content=\"de_DE\" \/>\n<meta property=\"og:type\" content=\"article\" \/>\n<meta property=\"og:title\" content=\"Verhaltensst\u00f6rer und\/oder Zustandsst\u00f6rer? - klartext-jura.de\" \/>\n<meta property=\"og:description\" content=\"In der R\u00dc 9\/2014 bespricht Gr\u00fcnder (S. 597ff) eine Fallkonstellation, in der ein Bus an einem Taxenstand geparkt wurde und daraufhin abgeschleppt werden sollte. Der Beitrag beruht auf\u00a0BVerwG, Urt.\" \/>\n<meta property=\"og:url\" content=\"http:\/\/www.klartext-jura.de\/2014\/11\/09\/verhaltensstoerer-undoder-zustandsstoerer\/\" \/>\n<meta property=\"og:site_name\" content=\"klartext-jura.de\" \/>\n<meta property=\"article:published_time\" content=\"2014-11-09T13:00:47+00:00\" \/>\n<meta property=\"article:modified_time\" content=\"2015-04-30T22:18:57+00:00\" \/>\n<meta name=\"author\" content=\"klartext-jura\" \/>\n<meta name=\"twitter:card\" content=\"summary_large_image\" \/>\n<meta name=\"twitter:label1\" content=\"Verfasst von\" \/>\n\t<meta name=\"twitter:data1\" content=\"klartext-jura\" \/>\n\t<meta name=\"twitter:label2\" content=\"Gesch\u00e4tzte Lesezeit\" \/>\n\t<meta name=\"twitter:data2\" content=\"3\u00a0Minuten\" \/>\n<script type=\"application\/ld+json\" class=\"yoast-schema-graph\">{\"@context\":\"https:\\\/\\\/schema.org\",\"@graph\":[{\"@type\":\"Article\",\"@id\":\"http:\\\/\\\/www.klartext-jura.de\\\/2014\\\/11\\\/09\\\/verhaltensstoerer-undoder-zustandsstoerer\\\/#article\",\"isPartOf\":{\"@id\":\"http:\\\/\\\/www.klartext-jura.de\\\/2014\\\/11\\\/09\\\/verhaltensstoerer-undoder-zustandsstoerer\\\/\"},\"author\":{\"name\":\"klartext-jura\",\"@id\":\"http:\\\/\\\/www.klartext-jura.de\\\/#\\\/schema\\\/person\\\/0fd09e4f4c8ef46bd6ff122c9bbe60c3\"},\"headline\":\"Verhaltensst\u00f6rer und\\\/oder Zustandsst\u00f6rer?\",\"datePublished\":\"2014-11-09T13:00:47+00:00\",\"dateModified\":\"2015-04-30T22:18:57+00:00\",\"mainEntityOfPage\":{\"@id\":\"http:\\\/\\\/www.klartext-jura.de\\\/2014\\\/11\\\/09\\\/verhaltensstoerer-undoder-zustandsstoerer\\\/\"},\"wordCount\":623,\"commentCount\":0,\"articleSection\":[\"\u00d6ffentliches Recht\"],\"inLanguage\":\"de\",\"potentialAction\":[{\"@type\":\"CommentAction\",\"name\":\"Comment\",\"target\":[\"http:\\\/\\\/www.klartext-jura.de\\\/2014\\\/11\\\/09\\\/verhaltensstoerer-undoder-zustandsstoerer\\\/#respond\"]}]},{\"@type\":\"WebPage\",\"@id\":\"http:\\\/\\\/www.klartext-jura.de\\\/2014\\\/11\\\/09\\\/verhaltensstoerer-undoder-zustandsstoerer\\\/\",\"url\":\"http:\\\/\\\/www.klartext-jura.de\\\/2014\\\/11\\\/09\\\/verhaltensstoerer-undoder-zustandsstoerer\\\/\",\"name\":\"Verhaltensst\u00f6rer und\\\/oder Zustandsst\u00f6rer? - klartext-jura.de\",\"isPartOf\":{\"@id\":\"http:\\\/\\\/www.klartext-jura.de\\\/#website\"},\"datePublished\":\"2014-11-09T13:00:47+00:00\",\"dateModified\":\"2015-04-30T22:18:57+00:00\",\"author\":{\"@id\":\"http:\\\/\\\/www.klartext-jura.de\\\/#\\\/schema\\\/person\\\/0fd09e4f4c8ef46bd6ff122c9bbe60c3\"},\"breadcrumb\":{\"@id\":\"http:\\\/\\\/www.klartext-jura.de\\\/2014\\\/11\\\/09\\\/verhaltensstoerer-undoder-zustandsstoerer\\\/#breadcrumb\"},\"inLanguage\":\"de\",\"potentialAction\":[{\"@type\":\"ReadAction\",\"target\":[\"http:\\\/\\\/www.klartext-jura.de\\\/2014\\\/11\\\/09\\\/verhaltensstoerer-undoder-zustandsstoerer\\\/\"]}]},{\"@type\":\"BreadcrumbList\",\"@id\":\"http:\\\/\\\/www.klartext-jura.de\\\/2014\\\/11\\\/09\\\/verhaltensstoerer-undoder-zustandsstoerer\\\/#breadcrumb\",\"itemListElement\":[{\"@type\":\"ListItem\",\"position\":1,\"name\":\"Startseite\",\"item\":\"http:\\\/\\\/www.klartext-jura.de\\\/\"},{\"@type\":\"ListItem\",\"position\":2,\"name\":\"Verhaltensst\u00f6rer und\\\/oder Zustandsst\u00f6rer?\"}]},{\"@type\":\"WebSite\",\"@id\":\"http:\\\/\\\/www.klartext-jura.de\\\/#website\",\"url\":\"http:\\\/\\\/www.klartext-jura.de\\\/\",\"name\":\"klartext-jura.de\",\"description\":\"Gezwitscher von Marie Herberger\",\"potentialAction\":[{\"@type\":\"SearchAction\",\"target\":{\"@type\":\"EntryPoint\",\"urlTemplate\":\"http:\\\/\\\/www.klartext-jura.de\\\/?s={search_term_string}\"},\"query-input\":{\"@type\":\"PropertyValueSpecification\",\"valueRequired\":true,\"valueName\":\"search_term_string\"}}],\"inLanguage\":\"de\"},{\"@type\":\"Person\",\"@id\":\"http:\\\/\\\/www.klartext-jura.de\\\/#\\\/schema\\\/person\\\/0fd09e4f4c8ef46bd6ff122c9bbe60c3\",\"name\":\"klartext-jura\",\"url\":\"https:\\\/\\\/bloghosting.jurmatix.de\\\/klartext-jura\\\/author\\\/klartext-jura\\\/\"}]}<\/script>\n<!-- \/ Yoast SEO plugin. -->","yoast_head_json":{"title":"Verhaltensst\u00f6rer und\/oder Zustandsst\u00f6rer? - klartext-jura.de","robots":{"index":"index","follow":"follow","max-snippet":"max-snippet:-1","max-image-preview":"max-image-preview:large","max-video-preview":"max-video-preview:-1"},"canonical":"http:\/\/www.klartext-jura.de\/2014\/11\/09\/verhaltensstoerer-undoder-zustandsstoerer\/","og_locale":"de_DE","og_type":"article","og_title":"Verhaltensst\u00f6rer und\/oder Zustandsst\u00f6rer? - klartext-jura.de","og_description":"In der R\u00dc 9\/2014 bespricht Gr\u00fcnder (S. 597ff) eine Fallkonstellation, in der ein Bus an einem Taxenstand geparkt wurde und daraufhin abgeschleppt werden sollte. Der Beitrag beruht auf\u00a0BVerwG, Urt.","og_url":"http:\/\/www.klartext-jura.de\/2014\/11\/09\/verhaltensstoerer-undoder-zustandsstoerer\/","og_site_name":"klartext-jura.de","article_published_time":"2014-11-09T13:00:47+00:00","article_modified_time":"2015-04-30T22:18:57+00:00","author":"klartext-jura","twitter_card":"summary_large_image","twitter_misc":{"Verfasst von":"klartext-jura","Gesch\u00e4tzte Lesezeit":"3\u00a0Minuten"},"schema":{"@context":"https:\/\/schema.org","@graph":[{"@type":"Article","@id":"http:\/\/www.klartext-jura.de\/2014\/11\/09\/verhaltensstoerer-undoder-zustandsstoerer\/#article","isPartOf":{"@id":"http:\/\/www.klartext-jura.de\/2014\/11\/09\/verhaltensstoerer-undoder-zustandsstoerer\/"},"author":{"name":"klartext-jura","@id":"http:\/\/www.klartext-jura.de\/#\/schema\/person\/0fd09e4f4c8ef46bd6ff122c9bbe60c3"},"headline":"Verhaltensst\u00f6rer und\/oder Zustandsst\u00f6rer?","datePublished":"2014-11-09T13:00:47+00:00","dateModified":"2015-04-30T22:18:57+00:00","mainEntityOfPage":{"@id":"http:\/\/www.klartext-jura.de\/2014\/11\/09\/verhaltensstoerer-undoder-zustandsstoerer\/"},"wordCount":623,"commentCount":0,"articleSection":["\u00d6ffentliches Recht"],"inLanguage":"de","potentialAction":[{"@type":"CommentAction","name":"Comment","target":["http:\/\/www.klartext-jura.de\/2014\/11\/09\/verhaltensstoerer-undoder-zustandsstoerer\/#respond"]}]},{"@type":"WebPage","@id":"http:\/\/www.klartext-jura.de\/2014\/11\/09\/verhaltensstoerer-undoder-zustandsstoerer\/","url":"http:\/\/www.klartext-jura.de\/2014\/11\/09\/verhaltensstoerer-undoder-zustandsstoerer\/","name":"Verhaltensst\u00f6rer und\/oder Zustandsst\u00f6rer? - klartext-jura.de","isPartOf":{"@id":"http:\/\/www.klartext-jura.de\/#website"},"datePublished":"2014-11-09T13:00:47+00:00","dateModified":"2015-04-30T22:18:57+00:00","author":{"@id":"http:\/\/www.klartext-jura.de\/#\/schema\/person\/0fd09e4f4c8ef46bd6ff122c9bbe60c3"},"breadcrumb":{"@id":"http:\/\/www.klartext-jura.de\/2014\/11\/09\/verhaltensstoerer-undoder-zustandsstoerer\/#breadcrumb"},"inLanguage":"de","potentialAction":[{"@type":"ReadAction","target":["http:\/\/www.klartext-jura.de\/2014\/11\/09\/verhaltensstoerer-undoder-zustandsstoerer\/"]}]},{"@type":"BreadcrumbList","@id":"http:\/\/www.klartext-jura.de\/2014\/11\/09\/verhaltensstoerer-undoder-zustandsstoerer\/#breadcrumb","itemListElement":[{"@type":"ListItem","position":1,"name":"Startseite","item":"http:\/\/www.klartext-jura.de\/"},{"@type":"ListItem","position":2,"name":"Verhaltensst\u00f6rer und\/oder Zustandsst\u00f6rer?"}]},{"@type":"WebSite","@id":"http:\/\/www.klartext-jura.de\/#website","url":"http:\/\/www.klartext-jura.de\/","name":"klartext-jura.de","description":"Gezwitscher von Marie Herberger","potentialAction":[{"@type":"SearchAction","target":{"@type":"EntryPoint","urlTemplate":"http:\/\/www.klartext-jura.de\/?s={search_term_string}"},"query-input":{"@type":"PropertyValueSpecification","valueRequired":true,"valueName":"search_term_string"}}],"inLanguage":"de"},{"@type":"Person","@id":"http:\/\/www.klartext-jura.de\/#\/schema\/person\/0fd09e4f4c8ef46bd6ff122c9bbe60c3","name":"klartext-jura","url":"https:\/\/bloghosting.jurmatix.de\/klartext-jura\/author\/klartext-jura\/"}]}},"_links":{"self":[{"href":"https:\/\/bloghosting.jurmatix.de\/klartext-jura\/wp-json\/wp\/v2\/posts\/136","targetHints":{"allow":["GET"]}}],"collection":[{"href":"https:\/\/bloghosting.jurmatix.de\/klartext-jura\/wp-json\/wp\/v2\/posts"}],"about":[{"href":"https:\/\/bloghosting.jurmatix.de\/klartext-jura\/wp-json\/wp\/v2\/types\/post"}],"author":[{"embeddable":true,"href":"https:\/\/bloghosting.jurmatix.de\/klartext-jura\/wp-json\/wp\/v2\/users\/10"}],"replies":[{"embeddable":true,"href":"https:\/\/bloghosting.jurmatix.de\/klartext-jura\/wp-json\/wp\/v2\/comments?post=136"}],"version-history":[{"count":8,"href":"https:\/\/bloghosting.jurmatix.de\/klartext-jura\/wp-json\/wp\/v2\/posts\/136\/revisions"}],"predecessor-version":[{"id":1432,"href":"https:\/\/bloghosting.jurmatix.de\/klartext-jura\/wp-json\/wp\/v2\/posts\/136\/revisions\/1432"}],"wp:attachment":[{"href":"https:\/\/bloghosting.jurmatix.de\/klartext-jura\/wp-json\/wp\/v2\/media?parent=136"}],"wp:term":[{"taxonomy":"category","embeddable":true,"href":"https:\/\/bloghosting.jurmatix.de\/klartext-jura\/wp-json\/wp\/v2\/categories?post=136"},{"taxonomy":"post_tag","embeddable":true,"href":"https:\/\/bloghosting.jurmatix.de\/klartext-jura\/wp-json\/wp\/v2\/tags?post=136"}],"curies":[{"name":"wp","href":"https:\/\/api.w.org\/{rel}","templated":true}]}}