{"id":371,"date":"2014-12-10T09:07:47","date_gmt":"2014-12-10T07:07:47","guid":{"rendered":"http:\/\/bloghosting.jurmatix.de\/klartext-jura\/?p=371"},"modified":"2015-05-01T00:48:56","modified_gmt":"2015-04-30T22:48:56","slug":"aktualitaet-schlaegt-print-der-anfragebeschluss-zur-ungleichartigen-wahlfeststellung","status":"publish","type":"post","link":"https:\/\/bloghosting.jurmatix.de\/klartext-jura\/2014\/12\/10\/aktualitaet-schlaegt-print-der-anfragebeschluss-zur-ungleichartigen-wahlfeststellung\/","title":{"rendered":"Aktualit\u00e4t schl\u00e4gt Print: Der Anfragebeschluss zur ungleichartigen Wahlfeststellung"},"content":{"rendered":"<p><a href=\"http:\/\/bloghosting.jurmatix.de\/klartext-jura\/files\/2014\/12\/Katze-in-H\u00e4ngematte.jpg\"><img loading=\"lazy\" decoding=\"async\" class=\"alignleft wp-image-354 size-medium\" src=\"http:\/\/bloghosting.jurmatix.de\/klartext-jura\/files\/2014\/12\/Katze-in-H\u00e4ngematte-300x225.jpg\" alt=\"Katze in H\u00e4ngematte\" width=\"300\" height=\"225\" srcset=\"https:\/\/bloghosting.jurmatix.de\/klartext-jura\/files\/2014\/12\/Katze-in-H\u00e4ngematte-300x225.jpg 300w, https:\/\/bloghosting.jurmatix.de\/klartext-jura\/files\/2014\/12\/Katze-in-H\u00e4ngematte.jpg 960w\" sizes=\"auto, (max-width: 300px) 100vw, 300px\" \/><\/a>In der September-Ausgabe der JA 2014 (S. 710ff) titelt Heintschel-Heinegg: &#8222;Die &#8218;ungleichartige&#8216; Wahlfeststellung ist verfassungswidrig&#8220;.<\/p>\n<p>F\u00fcr Studenten ist die Besprechung des Anfragebeschlusses des 2. Strafsenats vom 28.01.2014 &#8211; <a title=\"2 StR 495\/12\" href=\"http:\/\/juris.bundesgerichtshof.de\/cgi-bin\/rechtsprechung\/document.py?Gericht=bgh&amp;Art=en&amp;nr=67965&amp;pos=0&amp;anz=1\">2 StR 495\/12<\/a> in der JA problematisch.<\/p>\n<p>Die \u00dcberschrift ist, ber\u00fccksichtigt man, dass es sich um einen Anfragebeschluss handelt, provokativ gew\u00e4hlt. Als Studentin muss ich gestehen, dass ich nicht immer alle Aufs\u00e4tze in der Ausbildungsliteratur vollst\u00e4ndig lesen kann. H\u00e4tte ich mir nur die \u00dcberschrift gemerkt, so h\u00e4tte ich die umstrittene Frage f\u00fcr eindeutiger entschieden gehalten, als sie ist.<\/p>\n<p>Aber wie ist die Lage denn nun tats\u00e4chlich?<\/p>\n<p><!--more--><\/p>\n<p>Ich habe die Besprechung von Heintschel-Heinegg inzwischen gelesen und zitiere, S. 712:<\/p>\n<blockquote><p>Der Anfragebeschluss ist \u00fcberzeugend begr\u00fcndet und zu vermuten ist, dass die \u00fcbrigen vier Strafsenate des BGH sich dem anschlie\u00dfen.<\/p><\/blockquote>\n<p>Diese Vermutung hat sich (leider) nicht bewahrheitet. Der Stand der Dinge ist zum Erscheinen der JA Anfang September ein anderer.<\/p>\n<p>Im Beschluss des BGH vom 16. Juli 2014 \u2013 <a href=\"http:\/\/juris.bundesgerichtshof.de\/cgi-bin\/rechtsprechung\/document.py?Gericht=bgh&amp;Art=en&amp;az=5%20ARs%2039\/14&amp;nr=68627\">5 ARs 39\/14<\/a>\u00a0lautet der Tenor:<\/p>\n<blockquote><p>Auf den Anfragebeschluss des 2. Strafsenats vom 28. Januar 2014 \u2013 2 StR 495\/12 \u2013 erkl\u00e4rt der Senat, dass er an seiner Rechtsprechung zur ungleichartigen Wahlfeststellung festh\u00e4lt.<\/p><\/blockquote>\n<p>Nun ist es allgemein bekannt, dass Urteile nicht immer sofort im Langtext verf\u00fcgbar sind. M\u00f6glicherweise h\u00e4tte also in der Septemberausgabe der JA noch kein Hinweis auf die aktuelle Entwicklung erfolgen k\u00f6nnen. Aber auch in der Oktober- und November-Ausgabe der JA habe ich keinen Hinweis zu der Antwort auf den Anfragebeschluss finden k\u00f6nnen. Als Leser juristischer Ausbildungsliteratur w\u00fcrde man sich freuen, wenn insofern der Service etwas verbessert w\u00fcrde. Keiner wei\u00df besser als die Autoren der Ausbildungsliteratur, wie wichtig es ist, dass Jura-Studenten immer auf dem aktuellen Stand sind, insbesondere was die Rechtsprechung angeht.<\/p>\n<p>Umso erstaunlicher ist es, dass auch in der R\u00dc 10\/2014 von Winkler auf Seite 641 auf den &#8222;aktuellen Anfragebeschluss des BGH v. 28.01.2014 &#8211; 2 StR 495\/12, R\u00dc 2014, 507ff&#8220; verwiesen wird, ohne dem Leser zu verraten, dass schon eine Antwort auf den Anfragebeschluss vorliegt.<\/p>\n","protected":false},"excerpt":{"rendered":"<p>In der September-Ausgabe der JA 2014 (S. 710ff) titelt Heintschel-Heinegg: &#8222;Die &#8218;ungleichartige&#8216; Wahlfeststellung ist verfassungswidrig&#8220;.<\/p>\n","protected":false},"author":10,"featured_media":0,"comment_status":"open","ping_status":"open","sticky":false,"template":"","format":"standard","meta":{"ngg_post_thumbnail":0,"footnotes":""},"categories":[7],"tags":[],"class_list":["post-371","post","type-post","status-publish","format-standard","hentry","category-strafrecht"],"yoast_head":"<!-- This site is optimized with the Yoast SEO plugin v27.4 - https:\/\/yoast.com\/product\/yoast-seo-wordpress\/ -->\n<title>Aktualit\u00e4t schl\u00e4gt Print: Der Anfragebeschluss zur ungleichartigen Wahlfeststellung - klartext-jura.de<\/title>\n<meta name=\"robots\" content=\"index, follow, max-snippet:-1, max-image-preview:large, max-video-preview:-1\" \/>\n<link rel=\"canonical\" href=\"https:\/\/bloghosting.jurmatix.de\/klartext-jura\/2014\/12\/10\/aktualitaet-schlaegt-print-der-anfragebeschluss-zur-ungleichartigen-wahlfeststellung\/\" \/>\n<meta property=\"og:locale\" content=\"de_DE\" \/>\n<meta property=\"og:type\" content=\"article\" \/>\n<meta property=\"og:title\" content=\"Aktualit\u00e4t schl\u00e4gt Print: Der Anfragebeschluss zur ungleichartigen Wahlfeststellung - klartext-jura.de\" \/>\n<meta property=\"og:description\" content=\"In der September-Ausgabe der JA 2014 (S. 710ff) titelt Heintschel-Heinegg: &quot;Die &#039;ungleichartige&#039; Wahlfeststellung ist verfassungswidrig&quot;.\" \/>\n<meta property=\"og:url\" content=\"https:\/\/bloghosting.jurmatix.de\/klartext-jura\/2014\/12\/10\/aktualitaet-schlaegt-print-der-anfragebeschluss-zur-ungleichartigen-wahlfeststellung\/\" \/>\n<meta property=\"og:site_name\" content=\"klartext-jura.de\" \/>\n<meta property=\"article:published_time\" content=\"2014-12-10T07:07:47+00:00\" \/>\n<meta property=\"article:modified_time\" content=\"2015-04-30T22:48:56+00:00\" \/>\n<meta name=\"author\" content=\"klartext-jura\" \/>\n<meta name=\"twitter:card\" content=\"summary_large_image\" \/>\n<meta name=\"twitter:label1\" content=\"Verfasst von\" \/>\n\t<meta name=\"twitter:data1\" content=\"klartext-jura\" \/>\n\t<meta name=\"twitter:label2\" content=\"Gesch\u00e4tzte Lesezeit\" \/>\n\t<meta name=\"twitter:data2\" content=\"2\u00a0Minuten\" \/>\n<script type=\"application\/ld+json\" class=\"yoast-schema-graph\">{\"@context\":\"https:\\\/\\\/schema.org\",\"@graph\":[{\"@type\":\"Article\",\"@id\":\"https:\\\/\\\/bloghosting.jurmatix.de\\\/klartext-jura\\\/2014\\\/12\\\/10\\\/aktualitaet-schlaegt-print-der-anfragebeschluss-zur-ungleichartigen-wahlfeststellung\\\/#article\",\"isPartOf\":{\"@id\":\"https:\\\/\\\/bloghosting.jurmatix.de\\\/klartext-jura\\\/2014\\\/12\\\/10\\\/aktualitaet-schlaegt-print-der-anfragebeschluss-zur-ungleichartigen-wahlfeststellung\\\/\"},\"author\":{\"name\":\"klartext-jura\",\"@id\":\"http:\\\/\\\/bloghosting.jurmatix.de\\\/klartext-jura\\\/#\\\/schema\\\/person\\\/0fd09e4f4c8ef46bd6ff122c9bbe60c3\"},\"headline\":\"Aktualit\u00e4t schl\u00e4gt Print: Der Anfragebeschluss zur ungleichartigen Wahlfeststellung\",\"datePublished\":\"2014-12-10T07:07:47+00:00\",\"dateModified\":\"2015-04-30T22:48:56+00:00\",\"mainEntityOfPage\":{\"@id\":\"https:\\\/\\\/bloghosting.jurmatix.de\\\/klartext-jura\\\/2014\\\/12\\\/10\\\/aktualitaet-schlaegt-print-der-anfragebeschluss-zur-ungleichartigen-wahlfeststellung\\\/\"},\"wordCount\":330,\"commentCount\":3,\"articleSection\":[\"Strafrecht\"],\"inLanguage\":\"de\",\"potentialAction\":[{\"@type\":\"CommentAction\",\"name\":\"Comment\",\"target\":[\"https:\\\/\\\/bloghosting.jurmatix.de\\\/klartext-jura\\\/2014\\\/12\\\/10\\\/aktualitaet-schlaegt-print-der-anfragebeschluss-zur-ungleichartigen-wahlfeststellung\\\/#respond\"]}]},{\"@type\":\"WebPage\",\"@id\":\"https:\\\/\\\/bloghosting.jurmatix.de\\\/klartext-jura\\\/2014\\\/12\\\/10\\\/aktualitaet-schlaegt-print-der-anfragebeschluss-zur-ungleichartigen-wahlfeststellung\\\/\",\"url\":\"https:\\\/\\\/bloghosting.jurmatix.de\\\/klartext-jura\\\/2014\\\/12\\\/10\\\/aktualitaet-schlaegt-print-der-anfragebeschluss-zur-ungleichartigen-wahlfeststellung\\\/\",\"name\":\"Aktualit\u00e4t schl\u00e4gt Print: Der Anfragebeschluss zur ungleichartigen Wahlfeststellung - klartext-jura.de\",\"isPartOf\":{\"@id\":\"http:\\\/\\\/bloghosting.jurmatix.de\\\/klartext-jura\\\/#website\"},\"datePublished\":\"2014-12-10T07:07:47+00:00\",\"dateModified\":\"2015-04-30T22:48:56+00:00\",\"author\":{\"@id\":\"http:\\\/\\\/bloghosting.jurmatix.de\\\/klartext-jura\\\/#\\\/schema\\\/person\\\/0fd09e4f4c8ef46bd6ff122c9bbe60c3\"},\"breadcrumb\":{\"@id\":\"https:\\\/\\\/bloghosting.jurmatix.de\\\/klartext-jura\\\/2014\\\/12\\\/10\\\/aktualitaet-schlaegt-print-der-anfragebeschluss-zur-ungleichartigen-wahlfeststellung\\\/#breadcrumb\"},\"inLanguage\":\"de\",\"potentialAction\":[{\"@type\":\"ReadAction\",\"target\":[\"https:\\\/\\\/bloghosting.jurmatix.de\\\/klartext-jura\\\/2014\\\/12\\\/10\\\/aktualitaet-schlaegt-print-der-anfragebeschluss-zur-ungleichartigen-wahlfeststellung\\\/\"]}]},{\"@type\":\"BreadcrumbList\",\"@id\":\"https:\\\/\\\/bloghosting.jurmatix.de\\\/klartext-jura\\\/2014\\\/12\\\/10\\\/aktualitaet-schlaegt-print-der-anfragebeschluss-zur-ungleichartigen-wahlfeststellung\\\/#breadcrumb\",\"itemListElement\":[{\"@type\":\"ListItem\",\"position\":1,\"name\":\"Startseite\",\"item\":\"http:\\\/\\\/bloghosting.jurmatix.de\\\/klartext-jura\\\/\"},{\"@type\":\"ListItem\",\"position\":2,\"name\":\"Aktualit\u00e4t schl\u00e4gt Print: Der Anfragebeschluss zur ungleichartigen Wahlfeststellung\"}]},{\"@type\":\"WebSite\",\"@id\":\"http:\\\/\\\/bloghosting.jurmatix.de\\\/klartext-jura\\\/#website\",\"url\":\"http:\\\/\\\/bloghosting.jurmatix.de\\\/klartext-jura\\\/\",\"name\":\"klartext-jura.de\",\"description\":\"Gezwitscher von Marie Herberger\",\"potentialAction\":[{\"@type\":\"SearchAction\",\"target\":{\"@type\":\"EntryPoint\",\"urlTemplate\":\"http:\\\/\\\/bloghosting.jurmatix.de\\\/klartext-jura\\\/?s={search_term_string}\"},\"query-input\":{\"@type\":\"PropertyValueSpecification\",\"valueRequired\":true,\"valueName\":\"search_term_string\"}}],\"inLanguage\":\"de\"},{\"@type\":\"Person\",\"@id\":\"http:\\\/\\\/bloghosting.jurmatix.de\\\/klartext-jura\\\/#\\\/schema\\\/person\\\/0fd09e4f4c8ef46bd6ff122c9bbe60c3\",\"name\":\"klartext-jura\",\"url\":\"https:\\\/\\\/bloghosting.jurmatix.de\\\/klartext-jura\\\/author\\\/klartext-jura\\\/\"}]}<\/script>\n<!-- \/ Yoast SEO plugin. -->","yoast_head_json":{"title":"Aktualit\u00e4t schl\u00e4gt Print: Der Anfragebeschluss zur ungleichartigen Wahlfeststellung - klartext-jura.de","robots":{"index":"index","follow":"follow","max-snippet":"max-snippet:-1","max-image-preview":"max-image-preview:large","max-video-preview":"max-video-preview:-1"},"canonical":"https:\/\/bloghosting.jurmatix.de\/klartext-jura\/2014\/12\/10\/aktualitaet-schlaegt-print-der-anfragebeschluss-zur-ungleichartigen-wahlfeststellung\/","og_locale":"de_DE","og_type":"article","og_title":"Aktualit\u00e4t schl\u00e4gt Print: Der Anfragebeschluss zur ungleichartigen Wahlfeststellung - klartext-jura.de","og_description":"In der September-Ausgabe der JA 2014 (S. 710ff) titelt Heintschel-Heinegg: \"Die 'ungleichartige' Wahlfeststellung ist verfassungswidrig\".","og_url":"https:\/\/bloghosting.jurmatix.de\/klartext-jura\/2014\/12\/10\/aktualitaet-schlaegt-print-der-anfragebeschluss-zur-ungleichartigen-wahlfeststellung\/","og_site_name":"klartext-jura.de","article_published_time":"2014-12-10T07:07:47+00:00","article_modified_time":"2015-04-30T22:48:56+00:00","author":"klartext-jura","twitter_card":"summary_large_image","twitter_misc":{"Verfasst von":"klartext-jura","Gesch\u00e4tzte Lesezeit":"2\u00a0Minuten"},"schema":{"@context":"https:\/\/schema.org","@graph":[{"@type":"Article","@id":"https:\/\/bloghosting.jurmatix.de\/klartext-jura\/2014\/12\/10\/aktualitaet-schlaegt-print-der-anfragebeschluss-zur-ungleichartigen-wahlfeststellung\/#article","isPartOf":{"@id":"https:\/\/bloghosting.jurmatix.de\/klartext-jura\/2014\/12\/10\/aktualitaet-schlaegt-print-der-anfragebeschluss-zur-ungleichartigen-wahlfeststellung\/"},"author":{"name":"klartext-jura","@id":"http:\/\/bloghosting.jurmatix.de\/klartext-jura\/#\/schema\/person\/0fd09e4f4c8ef46bd6ff122c9bbe60c3"},"headline":"Aktualit\u00e4t schl\u00e4gt Print: Der Anfragebeschluss zur ungleichartigen Wahlfeststellung","datePublished":"2014-12-10T07:07:47+00:00","dateModified":"2015-04-30T22:48:56+00:00","mainEntityOfPage":{"@id":"https:\/\/bloghosting.jurmatix.de\/klartext-jura\/2014\/12\/10\/aktualitaet-schlaegt-print-der-anfragebeschluss-zur-ungleichartigen-wahlfeststellung\/"},"wordCount":330,"commentCount":3,"articleSection":["Strafrecht"],"inLanguage":"de","potentialAction":[{"@type":"CommentAction","name":"Comment","target":["https:\/\/bloghosting.jurmatix.de\/klartext-jura\/2014\/12\/10\/aktualitaet-schlaegt-print-der-anfragebeschluss-zur-ungleichartigen-wahlfeststellung\/#respond"]}]},{"@type":"WebPage","@id":"https:\/\/bloghosting.jurmatix.de\/klartext-jura\/2014\/12\/10\/aktualitaet-schlaegt-print-der-anfragebeschluss-zur-ungleichartigen-wahlfeststellung\/","url":"https:\/\/bloghosting.jurmatix.de\/klartext-jura\/2014\/12\/10\/aktualitaet-schlaegt-print-der-anfragebeschluss-zur-ungleichartigen-wahlfeststellung\/","name":"Aktualit\u00e4t schl\u00e4gt Print: Der Anfragebeschluss zur ungleichartigen Wahlfeststellung - klartext-jura.de","isPartOf":{"@id":"http:\/\/bloghosting.jurmatix.de\/klartext-jura\/#website"},"datePublished":"2014-12-10T07:07:47+00:00","dateModified":"2015-04-30T22:48:56+00:00","author":{"@id":"http:\/\/bloghosting.jurmatix.de\/klartext-jura\/#\/schema\/person\/0fd09e4f4c8ef46bd6ff122c9bbe60c3"},"breadcrumb":{"@id":"https:\/\/bloghosting.jurmatix.de\/klartext-jura\/2014\/12\/10\/aktualitaet-schlaegt-print-der-anfragebeschluss-zur-ungleichartigen-wahlfeststellung\/#breadcrumb"},"inLanguage":"de","potentialAction":[{"@type":"ReadAction","target":["https:\/\/bloghosting.jurmatix.de\/klartext-jura\/2014\/12\/10\/aktualitaet-schlaegt-print-der-anfragebeschluss-zur-ungleichartigen-wahlfeststellung\/"]}]},{"@type":"BreadcrumbList","@id":"https:\/\/bloghosting.jurmatix.de\/klartext-jura\/2014\/12\/10\/aktualitaet-schlaegt-print-der-anfragebeschluss-zur-ungleichartigen-wahlfeststellung\/#breadcrumb","itemListElement":[{"@type":"ListItem","position":1,"name":"Startseite","item":"http:\/\/bloghosting.jurmatix.de\/klartext-jura\/"},{"@type":"ListItem","position":2,"name":"Aktualit\u00e4t schl\u00e4gt Print: Der Anfragebeschluss zur ungleichartigen Wahlfeststellung"}]},{"@type":"WebSite","@id":"http:\/\/bloghosting.jurmatix.de\/klartext-jura\/#website","url":"http:\/\/bloghosting.jurmatix.de\/klartext-jura\/","name":"klartext-jura.de","description":"Gezwitscher von Marie Herberger","potentialAction":[{"@type":"SearchAction","target":{"@type":"EntryPoint","urlTemplate":"http:\/\/bloghosting.jurmatix.de\/klartext-jura\/?s={search_term_string}"},"query-input":{"@type":"PropertyValueSpecification","valueRequired":true,"valueName":"search_term_string"}}],"inLanguage":"de"},{"@type":"Person","@id":"http:\/\/bloghosting.jurmatix.de\/klartext-jura\/#\/schema\/person\/0fd09e4f4c8ef46bd6ff122c9bbe60c3","name":"klartext-jura","url":"https:\/\/bloghosting.jurmatix.de\/klartext-jura\/author\/klartext-jura\/"}]}},"_links":{"self":[{"href":"https:\/\/bloghosting.jurmatix.de\/klartext-jura\/wp-json\/wp\/v2\/posts\/371","targetHints":{"allow":["GET"]}}],"collection":[{"href":"https:\/\/bloghosting.jurmatix.de\/klartext-jura\/wp-json\/wp\/v2\/posts"}],"about":[{"href":"https:\/\/bloghosting.jurmatix.de\/klartext-jura\/wp-json\/wp\/v2\/types\/post"}],"author":[{"embeddable":true,"href":"https:\/\/bloghosting.jurmatix.de\/klartext-jura\/wp-json\/wp\/v2\/users\/10"}],"replies":[{"embeddable":true,"href":"https:\/\/bloghosting.jurmatix.de\/klartext-jura\/wp-json\/wp\/v2\/comments?post=371"}],"version-history":[{"count":9,"href":"https:\/\/bloghosting.jurmatix.de\/klartext-jura\/wp-json\/wp\/v2\/posts\/371\/revisions"}],"predecessor-version":[{"id":1445,"href":"https:\/\/bloghosting.jurmatix.de\/klartext-jura\/wp-json\/wp\/v2\/posts\/371\/revisions\/1445"}],"wp:attachment":[{"href":"https:\/\/bloghosting.jurmatix.de\/klartext-jura\/wp-json\/wp\/v2\/media?parent=371"}],"wp:term":[{"taxonomy":"category","embeddable":true,"href":"https:\/\/bloghosting.jurmatix.de\/klartext-jura\/wp-json\/wp\/v2\/categories?post=371"},{"taxonomy":"post_tag","embeddable":true,"href":"https:\/\/bloghosting.jurmatix.de\/klartext-jura\/wp-json\/wp\/v2\/tags?post=371"}],"curies":[{"name":"wp","href":"https:\/\/api.w.org\/{rel}","templated":true}]}}