{"id":543,"date":"2015-01-12T19:22:04","date_gmt":"2015-01-12T18:22:04","guid":{"rendered":"http:\/\/bloghosting.jurmatix.de\/klartext-jura\/?p=543"},"modified":"2015-05-01T01:01:31","modified_gmt":"2015-04-30T23:01:31","slug":"zedent-zessionar-chaos-im-kopf","status":"publish","type":"post","link":"https:\/\/bloghosting.jurmatix.de\/klartext-jura\/2015\/01\/12\/zedent-zessionar-chaos-im-kopf\/","title":{"rendered":"Zedent &#8211; Zessionar&#8230; Chaos im Kopf?"},"content":{"rendered":"<p>Diesmal kann einem bei der Lekt\u00fcre von JA 2014, S. 655ff an einer Stelle richtig der Kopf qualmen. Insofern sei vor Risiken und Nebenwirkungen bei der Befassung mit dem folgenden gewarnt &#8230; \ud83d\ude42<\/p>\n<p>Tobias Wagner schreibt zur Widerklage. Auf Seite 658 erl\u00e4utert er die Zedentenwiderklage und deren prozesstaktischen Hintergrund:<\/p>\n<blockquote><p>Bei den genannten Fallgestaltungen handelt es sich um F\u00e4lle der Widerklage gegen den Zedenten einer Forderung (Zedentenwiderklage). <span style=\"text-decoration: underline\">Die Besonderheit dabei liegt in der Tatsache, dass die \u2013 zumeist aus der prozesstaktischen Erw\u00e4gung des Zessionars, als Zeuge zur Verf\u00fcgung zu stehen \u2013 erfolgte Abtretung nichts an einem etwaig bestehenden Rechtsverh\u00e4ltnis zwischen Zedent und<\/span> &lt;durch den Zessionar, M.H.&gt; <span style=\"text-decoration: underline\">Beklagtem \u00e4ndert.<\/span> Erhebt der Beklagte damit Widerklage gegen den Zedenten, so stellt er damit letztlich nur die eigentliche Ausgangslage wieder her, welche im Fall eines Prozesses ohne Abtretung bestanden h\u00e4tte.<\/p><\/blockquote>\n<p>In Satz 2 (oben hervorgehoben) behauptet Wagner, dass es bei der Zedentenwiderklage meistens die prozesstaktische Erw\u00e4gung des Zessionars sei, als Zeuge zur Verf\u00fcgung stehen zu wollen.<\/p>\n<p>Alles klar?<\/p>\n<p><!--more--><\/p>\n<p>Kl\u00e4ren wir erst einmal die Begrifflichkeiten:<\/p>\n<p>&#8211; <strong>Zedent: Derjenige, der eine Forderung abtritt.<\/strong><\/p>\n<p>&#8211;\u00a0<strong>Zessionar: Derjenige, an den eine Forderung abgetreten wird.<\/strong><\/p>\n<p>Bei der Zedentenwiderklage haben wir folgende Situation:<\/p>\n<p>Der Zedent tritt eine Forderung, die er gegen einen Dritten hat, an den Zessionar ab. Nun klagt der Zessionar die Forderung gegen den Dritten ein. Die prozesstaktische Erw\u00e4gung ist also darin zu sehen, dass jetzt der Zedent als Zeuge zur Verf\u00fcgung stehen kann, weil er nicht Kl\u00e4ger ist. Der Zessionar ist aber Kl\u00e4ger und scheidet damit als Zeuge aus.<\/p>\n<p>Wagner f\u00e4hrt dann im Kontext &#8222;Zedentenwiderklage&#8220; wie folgt fort:<\/p>\n<blockquote><p>Die Tatsache, dass er &lt;sc. der Widerkl\u00e4ger, M.H.&gt; den Zedenten damit &lt;sc. durch die Zedentenwiderklage, M.H.&gt; als Zeugen \u201eausschaltet\u201c ist im Hinblick auf die Waffengleichheit ebenso zul\u00e4ssig wie die Abtretung, um einen Zeugen zu generieren.<\/p><\/blockquote>\n<p>Hier ist Wagner also der Ansicht, dass der Zedent Zeuge sein kann, bis er durch eine Drittwiderklage &#8222;ausgeschaltet&#8220; wird.\u00a0In dem vorangegangenen Satz sind aber wohl die Begriffe &#8222;Zedent&#8220; und &#8222;Zessionar&#8220; vertauscht:<\/p>\n<blockquote><p>Die Besonderheit dabei liegt in der Tatsache, dass die \u2013 zumeist aus der prozesstaktischen Erw\u00e4gung des Zessionars <span style=\"text-decoration: underline\"><strong>(richtig meines Erachtens: Zedenten, M.H.)<\/strong><\/span>, als Zeuge zur Verf\u00fcgung zu stehen \u2013 erfolgte Abtretung &#8230;<\/p><\/blockquote>\n<p>Denn abgetreten hat die Forderung ja der Zedent, und nicht der Zessionar.<\/p>\n<p>Nachdem man sich so durch den Text gew\u00fchlt hat, fragt man sich, ob man das nicht auch h\u00e4tte klarer und verst\u00e4ndlicher darstellen k\u00f6nnen. Hier ein Versuch dazu:<\/p>\n<p><a href=\"http:\/\/bloghosting.jurmatix.de\/klartext-jura\/files\/2014\/11\/Abtretung-Widerklage.jpg\"><img loading=\"lazy\" decoding=\"async\" class=\"alignleft size-medium wp-image-528\" src=\"http:\/\/bloghosting.jurmatix.de\/klartext-jura\/files\/2014\/11\/Abtretung-Widerklage-300x222.jpg\" alt=\"Abtretung Widerklage\" width=\"300\" height=\"222\" srcset=\"https:\/\/bloghosting.jurmatix.de\/klartext-jura\/files\/2014\/11\/Abtretung-Widerklage-300x222.jpg 300w, https:\/\/bloghosting.jurmatix.de\/klartext-jura\/files\/2014\/11\/Abtretung-Widerklage.jpg 437w\" sizes=\"auto, (max-width: 300px) 100vw, 300px\" \/><\/a><\/p>\n<p>&nbsp;<\/p>\n<p>&nbsp;<\/p>\n<p>&nbsp;<\/p>\n<p>&nbsp;<\/p>\n<p>&nbsp;<\/p>\n<p>&nbsp;<\/p>\n<p>&nbsp;<\/p>\n<p>&nbsp;<\/p>\n<p>Falls die JA \u00fcbrigens das obige Interpretationsergebnis teilt und den Aufsatz in der Online-Ausgabe korrigiert, k\u00f6nnte bei der Gelegenheit auch das Normzitat \u00a7 12 Nr. 1 GKG (S. 655, 658) angepasst werden, denn es m\u00fcsste \u00a7 12 Abs. 2 Nr. 1 GKG hei\u00dfen.<\/p>\n","protected":false},"excerpt":{"rendered":"<p>Diesmal kann einem bei der Lekt\u00fcre von JA 2014, S. 655ff an einer Stelle richtig der Kopf qualmen. Insofern sei vor Risiken und Nebenwirkungen bei der Befassung mit dem folgenden gewarnt &#8230;<\/p>\n","protected":false},"author":10,"featured_media":0,"comment_status":"open","ping_status":"open","sticky":false,"template":"","format":"standard","meta":{"ngg_post_thumbnail":0,"footnotes":""},"categories":[6],"tags":[],"class_list":["post-543","post","type-post","status-publish","format-standard","hentry","category-zivilrecht"],"yoast_head":"<!-- This site is optimized with the Yoast SEO plugin v27.4 - https:\/\/yoast.com\/product\/yoast-seo-wordpress\/ -->\n<title>Zedent - Zessionar... Chaos im Kopf? - klartext-jura.de<\/title>\n<meta name=\"robots\" content=\"index, follow, max-snippet:-1, max-image-preview:large, max-video-preview:-1\" \/>\n<link rel=\"canonical\" href=\"https:\/\/www.klartext-jura.de\/2015\/01\/12\/zedent-zessionar-chaos-im-kopf\/\" \/>\n<meta property=\"og:locale\" content=\"de_DE\" \/>\n<meta property=\"og:type\" content=\"article\" \/>\n<meta property=\"og:title\" content=\"Zedent - Zessionar... Chaos im Kopf? - klartext-jura.de\" \/>\n<meta property=\"og:description\" content=\"Diesmal kann einem bei der Lekt\u00fcre von JA 2014, S. 655ff an einer Stelle richtig der Kopf qualmen. Insofern sei vor Risiken und Nebenwirkungen bei der Befassung mit dem folgenden gewarnt ...\" \/>\n<meta property=\"og:url\" content=\"https:\/\/www.klartext-jura.de\/2015\/01\/12\/zedent-zessionar-chaos-im-kopf\/\" \/>\n<meta property=\"og:site_name\" content=\"klartext-jura.de\" \/>\n<meta property=\"article:published_time\" content=\"2015-01-12T18:22:04+00:00\" \/>\n<meta property=\"article:modified_time\" content=\"2015-04-30T23:01:31+00:00\" \/>\n<meta property=\"og:image\" content=\"http:\/\/bloghosting.jurmatix.de\/klartext-jura\/files\/2014\/11\/Abtretung-Widerklage-300x222.jpg\" \/>\n<meta name=\"author\" content=\"klartext-jura\" \/>\n<meta name=\"twitter:card\" content=\"summary_large_image\" \/>\n<meta name=\"twitter:label1\" content=\"Verfasst von\" \/>\n\t<meta name=\"twitter:data1\" content=\"klartext-jura\" \/>\n\t<meta name=\"twitter:label2\" content=\"Gesch\u00e4tzte Lesezeit\" \/>\n\t<meta name=\"twitter:data2\" content=\"2\u00a0Minuten\" \/>\n<script type=\"application\/ld+json\" class=\"yoast-schema-graph\">{\"@context\":\"https:\\\/\\\/schema.org\",\"@graph\":[{\"@type\":\"Article\",\"@id\":\"https:\\\/\\\/www.klartext-jura.de\\\/2015\\\/01\\\/12\\\/zedent-zessionar-chaos-im-kopf\\\/#article\",\"isPartOf\":{\"@id\":\"https:\\\/\\\/www.klartext-jura.de\\\/2015\\\/01\\\/12\\\/zedent-zessionar-chaos-im-kopf\\\/\"},\"author\":{\"name\":\"klartext-jura\",\"@id\":\"https:\\\/\\\/bloghosting.jurmatix.de\\\/klartext-jura\\\/#\\\/schema\\\/person\\\/0fd09e4f4c8ef46bd6ff122c9bbe60c3\"},\"headline\":\"Zedent &#8211; Zessionar&#8230; Chaos im Kopf?\",\"datePublished\":\"2015-01-12T18:22:04+00:00\",\"dateModified\":\"2015-04-30T23:01:31+00:00\",\"mainEntityOfPage\":{\"@id\":\"https:\\\/\\\/www.klartext-jura.de\\\/2015\\\/01\\\/12\\\/zedent-zessionar-chaos-im-kopf\\\/\"},\"wordCount\":473,\"commentCount\":2,\"image\":{\"@id\":\"https:\\\/\\\/www.klartext-jura.de\\\/2015\\\/01\\\/12\\\/zedent-zessionar-chaos-im-kopf\\\/#primaryimage\"},\"thumbnailUrl\":\"http:\\\/\\\/bloghosting.jurmatix.de\\\/klartext-jura\\\/files\\\/2014\\\/11\\\/Abtretung-Widerklage-300x222.jpg\",\"articleSection\":[\"Zivilrecht\"],\"inLanguage\":\"de\",\"potentialAction\":[{\"@type\":\"CommentAction\",\"name\":\"Comment\",\"target\":[\"https:\\\/\\\/www.klartext-jura.de\\\/2015\\\/01\\\/12\\\/zedent-zessionar-chaos-im-kopf\\\/#respond\"]}]},{\"@type\":\"WebPage\",\"@id\":\"https:\\\/\\\/www.klartext-jura.de\\\/2015\\\/01\\\/12\\\/zedent-zessionar-chaos-im-kopf\\\/\",\"url\":\"https:\\\/\\\/www.klartext-jura.de\\\/2015\\\/01\\\/12\\\/zedent-zessionar-chaos-im-kopf\\\/\",\"name\":\"Zedent - Zessionar... Chaos im Kopf? - klartext-jura.de\",\"isPartOf\":{\"@id\":\"https:\\\/\\\/bloghosting.jurmatix.de\\\/klartext-jura\\\/#website\"},\"primaryImageOfPage\":{\"@id\":\"https:\\\/\\\/www.klartext-jura.de\\\/2015\\\/01\\\/12\\\/zedent-zessionar-chaos-im-kopf\\\/#primaryimage\"},\"image\":{\"@id\":\"https:\\\/\\\/www.klartext-jura.de\\\/2015\\\/01\\\/12\\\/zedent-zessionar-chaos-im-kopf\\\/#primaryimage\"},\"thumbnailUrl\":\"http:\\\/\\\/bloghosting.jurmatix.de\\\/klartext-jura\\\/files\\\/2014\\\/11\\\/Abtretung-Widerklage-300x222.jpg\",\"datePublished\":\"2015-01-12T18:22:04+00:00\",\"dateModified\":\"2015-04-30T23:01:31+00:00\",\"author\":{\"@id\":\"https:\\\/\\\/bloghosting.jurmatix.de\\\/klartext-jura\\\/#\\\/schema\\\/person\\\/0fd09e4f4c8ef46bd6ff122c9bbe60c3\"},\"breadcrumb\":{\"@id\":\"https:\\\/\\\/www.klartext-jura.de\\\/2015\\\/01\\\/12\\\/zedent-zessionar-chaos-im-kopf\\\/#breadcrumb\"},\"inLanguage\":\"de\",\"potentialAction\":[{\"@type\":\"ReadAction\",\"target\":[\"https:\\\/\\\/www.klartext-jura.de\\\/2015\\\/01\\\/12\\\/zedent-zessionar-chaos-im-kopf\\\/\"]}]},{\"@type\":\"ImageObject\",\"inLanguage\":\"de\",\"@id\":\"https:\\\/\\\/www.klartext-jura.de\\\/2015\\\/01\\\/12\\\/zedent-zessionar-chaos-im-kopf\\\/#primaryimage\",\"url\":\"http:\\\/\\\/bloghosting.jurmatix.de\\\/klartext-jura\\\/files\\\/2014\\\/11\\\/Abtretung-Widerklage-300x222.jpg\",\"contentUrl\":\"http:\\\/\\\/bloghosting.jurmatix.de\\\/klartext-jura\\\/files\\\/2014\\\/11\\\/Abtretung-Widerklage-300x222.jpg\"},{\"@type\":\"BreadcrumbList\",\"@id\":\"https:\\\/\\\/www.klartext-jura.de\\\/2015\\\/01\\\/12\\\/zedent-zessionar-chaos-im-kopf\\\/#breadcrumb\",\"itemListElement\":[{\"@type\":\"ListItem\",\"position\":1,\"name\":\"Startseite\",\"item\":\"https:\\\/\\\/bloghosting.jurmatix.de\\\/klartext-jura\\\/\"},{\"@type\":\"ListItem\",\"position\":2,\"name\":\"Zedent &#8211; Zessionar&#8230; Chaos im Kopf?\"}]},{\"@type\":\"WebSite\",\"@id\":\"https:\\\/\\\/bloghosting.jurmatix.de\\\/klartext-jura\\\/#website\",\"url\":\"https:\\\/\\\/bloghosting.jurmatix.de\\\/klartext-jura\\\/\",\"name\":\"klartext-jura.de\",\"description\":\"Gezwitscher von Marie Herberger\",\"potentialAction\":[{\"@type\":\"SearchAction\",\"target\":{\"@type\":\"EntryPoint\",\"urlTemplate\":\"https:\\\/\\\/bloghosting.jurmatix.de\\\/klartext-jura\\\/?s={search_term_string}\"},\"query-input\":{\"@type\":\"PropertyValueSpecification\",\"valueRequired\":true,\"valueName\":\"search_term_string\"}}],\"inLanguage\":\"de\"},{\"@type\":\"Person\",\"@id\":\"https:\\\/\\\/bloghosting.jurmatix.de\\\/klartext-jura\\\/#\\\/schema\\\/person\\\/0fd09e4f4c8ef46bd6ff122c9bbe60c3\",\"name\":\"klartext-jura\",\"url\":\"https:\\\/\\\/bloghosting.jurmatix.de\\\/klartext-jura\\\/author\\\/klartext-jura\\\/\"}]}<\/script>\n<!-- \/ Yoast SEO plugin. -->","yoast_head_json":{"title":"Zedent - Zessionar... Chaos im Kopf? - klartext-jura.de","robots":{"index":"index","follow":"follow","max-snippet":"max-snippet:-1","max-image-preview":"max-image-preview:large","max-video-preview":"max-video-preview:-1"},"canonical":"https:\/\/www.klartext-jura.de\/2015\/01\/12\/zedent-zessionar-chaos-im-kopf\/","og_locale":"de_DE","og_type":"article","og_title":"Zedent - Zessionar... Chaos im Kopf? - klartext-jura.de","og_description":"Diesmal kann einem bei der Lekt\u00fcre von JA 2014, S. 655ff an einer Stelle richtig der Kopf qualmen. Insofern sei vor Risiken und Nebenwirkungen bei der Befassung mit dem folgenden gewarnt ...","og_url":"https:\/\/www.klartext-jura.de\/2015\/01\/12\/zedent-zessionar-chaos-im-kopf\/","og_site_name":"klartext-jura.de","article_published_time":"2015-01-12T18:22:04+00:00","article_modified_time":"2015-04-30T23:01:31+00:00","og_image":[{"url":"http:\/\/bloghosting.jurmatix.de\/klartext-jura\/files\/2014\/11\/Abtretung-Widerklage-300x222.jpg","type":"","width":"","height":""}],"author":"klartext-jura","twitter_card":"summary_large_image","twitter_misc":{"Verfasst von":"klartext-jura","Gesch\u00e4tzte Lesezeit":"2\u00a0Minuten"},"schema":{"@context":"https:\/\/schema.org","@graph":[{"@type":"Article","@id":"https:\/\/www.klartext-jura.de\/2015\/01\/12\/zedent-zessionar-chaos-im-kopf\/#article","isPartOf":{"@id":"https:\/\/www.klartext-jura.de\/2015\/01\/12\/zedent-zessionar-chaos-im-kopf\/"},"author":{"name":"klartext-jura","@id":"https:\/\/bloghosting.jurmatix.de\/klartext-jura\/#\/schema\/person\/0fd09e4f4c8ef46bd6ff122c9bbe60c3"},"headline":"Zedent &#8211; Zessionar&#8230; Chaos im Kopf?","datePublished":"2015-01-12T18:22:04+00:00","dateModified":"2015-04-30T23:01:31+00:00","mainEntityOfPage":{"@id":"https:\/\/www.klartext-jura.de\/2015\/01\/12\/zedent-zessionar-chaos-im-kopf\/"},"wordCount":473,"commentCount":2,"image":{"@id":"https:\/\/www.klartext-jura.de\/2015\/01\/12\/zedent-zessionar-chaos-im-kopf\/#primaryimage"},"thumbnailUrl":"http:\/\/bloghosting.jurmatix.de\/klartext-jura\/files\/2014\/11\/Abtretung-Widerklage-300x222.jpg","articleSection":["Zivilrecht"],"inLanguage":"de","potentialAction":[{"@type":"CommentAction","name":"Comment","target":["https:\/\/www.klartext-jura.de\/2015\/01\/12\/zedent-zessionar-chaos-im-kopf\/#respond"]}]},{"@type":"WebPage","@id":"https:\/\/www.klartext-jura.de\/2015\/01\/12\/zedent-zessionar-chaos-im-kopf\/","url":"https:\/\/www.klartext-jura.de\/2015\/01\/12\/zedent-zessionar-chaos-im-kopf\/","name":"Zedent - Zessionar... Chaos im Kopf? - klartext-jura.de","isPartOf":{"@id":"https:\/\/bloghosting.jurmatix.de\/klartext-jura\/#website"},"primaryImageOfPage":{"@id":"https:\/\/www.klartext-jura.de\/2015\/01\/12\/zedent-zessionar-chaos-im-kopf\/#primaryimage"},"image":{"@id":"https:\/\/www.klartext-jura.de\/2015\/01\/12\/zedent-zessionar-chaos-im-kopf\/#primaryimage"},"thumbnailUrl":"http:\/\/bloghosting.jurmatix.de\/klartext-jura\/files\/2014\/11\/Abtretung-Widerklage-300x222.jpg","datePublished":"2015-01-12T18:22:04+00:00","dateModified":"2015-04-30T23:01:31+00:00","author":{"@id":"https:\/\/bloghosting.jurmatix.de\/klartext-jura\/#\/schema\/person\/0fd09e4f4c8ef46bd6ff122c9bbe60c3"},"breadcrumb":{"@id":"https:\/\/www.klartext-jura.de\/2015\/01\/12\/zedent-zessionar-chaos-im-kopf\/#breadcrumb"},"inLanguage":"de","potentialAction":[{"@type":"ReadAction","target":["https:\/\/www.klartext-jura.de\/2015\/01\/12\/zedent-zessionar-chaos-im-kopf\/"]}]},{"@type":"ImageObject","inLanguage":"de","@id":"https:\/\/www.klartext-jura.de\/2015\/01\/12\/zedent-zessionar-chaos-im-kopf\/#primaryimage","url":"http:\/\/bloghosting.jurmatix.de\/klartext-jura\/files\/2014\/11\/Abtretung-Widerklage-300x222.jpg","contentUrl":"http:\/\/bloghosting.jurmatix.de\/klartext-jura\/files\/2014\/11\/Abtretung-Widerklage-300x222.jpg"},{"@type":"BreadcrumbList","@id":"https:\/\/www.klartext-jura.de\/2015\/01\/12\/zedent-zessionar-chaos-im-kopf\/#breadcrumb","itemListElement":[{"@type":"ListItem","position":1,"name":"Startseite","item":"https:\/\/bloghosting.jurmatix.de\/klartext-jura\/"},{"@type":"ListItem","position":2,"name":"Zedent &#8211; Zessionar&#8230; Chaos im Kopf?"}]},{"@type":"WebSite","@id":"https:\/\/bloghosting.jurmatix.de\/klartext-jura\/#website","url":"https:\/\/bloghosting.jurmatix.de\/klartext-jura\/","name":"klartext-jura.de","description":"Gezwitscher von Marie Herberger","potentialAction":[{"@type":"SearchAction","target":{"@type":"EntryPoint","urlTemplate":"https:\/\/bloghosting.jurmatix.de\/klartext-jura\/?s={search_term_string}"},"query-input":{"@type":"PropertyValueSpecification","valueRequired":true,"valueName":"search_term_string"}}],"inLanguage":"de"},{"@type":"Person","@id":"https:\/\/bloghosting.jurmatix.de\/klartext-jura\/#\/schema\/person\/0fd09e4f4c8ef46bd6ff122c9bbe60c3","name":"klartext-jura","url":"https:\/\/bloghosting.jurmatix.de\/klartext-jura\/author\/klartext-jura\/"}]}},"_links":{"self":[{"href":"https:\/\/bloghosting.jurmatix.de\/klartext-jura\/wp-json\/wp\/v2\/posts\/543","targetHints":{"allow":["GET"]}}],"collection":[{"href":"https:\/\/bloghosting.jurmatix.de\/klartext-jura\/wp-json\/wp\/v2\/posts"}],"about":[{"href":"https:\/\/bloghosting.jurmatix.de\/klartext-jura\/wp-json\/wp\/v2\/types\/post"}],"author":[{"embeddable":true,"href":"https:\/\/bloghosting.jurmatix.de\/klartext-jura\/wp-json\/wp\/v2\/users\/10"}],"replies":[{"embeddable":true,"href":"https:\/\/bloghosting.jurmatix.de\/klartext-jura\/wp-json\/wp\/v2\/comments?post=543"}],"version-history":[{"count":5,"href":"https:\/\/bloghosting.jurmatix.de\/klartext-jura\/wp-json\/wp\/v2\/posts\/543\/revisions"}],"predecessor-version":[{"id":1462,"href":"https:\/\/bloghosting.jurmatix.de\/klartext-jura\/wp-json\/wp\/v2\/posts\/543\/revisions\/1462"}],"wp:attachment":[{"href":"https:\/\/bloghosting.jurmatix.de\/klartext-jura\/wp-json\/wp\/v2\/media?parent=543"}],"wp:term":[{"taxonomy":"category","embeddable":true,"href":"https:\/\/bloghosting.jurmatix.de\/klartext-jura\/wp-json\/wp\/v2\/categories?post=543"},{"taxonomy":"post_tag","embeddable":true,"href":"https:\/\/bloghosting.jurmatix.de\/klartext-jura\/wp-json\/wp\/v2\/tags?post=543"}],"curies":[{"name":"wp","href":"https:\/\/api.w.org\/{rel}","templated":true}]}}